{"id":1818,"date":"2016-01-12T16:06:35","date_gmt":"2016-01-12T14:06:35","guid":{"rendered":"http:\/\/www.pohtiskiteam.fi\/sivut\/?p=1818"},"modified":"2016-01-12T16:06:35","modified_gmt":"2016-01-12T14:06:35","slug":"joni-maki-sprintin-mc-kisaan-planicaan","status":"publish","type":"post","link":"https:\/\/www.pohtiskiteam.fi\/www\/2016\/01\/12\/joni-maki-sprintin-mc-kisaan-planicaan\/","title":{"rendered":"Joni M\u00e4ki sprintin mc-kisaan Planicaan!"},"content":{"rendered":"<p>Pohti SkiTeamin Joni M\u00e4ki on nimetty ensi viikonlopun sprintin maailmancupin joukkueeseen Slovenian Planicaan. N\u00e4in Vantaan Suomen Cup j\u00e4\u00e4 h\u00e4nelt\u00e4 v\u00e4liin. T\u00e4m\u00e4 on Jonille ensimm\u00e4inen mc-edustusteht\u00e4v\u00e4 kotimaan ulkopuolella. ONNITTELUT Joni ja menestyst\u00e4 kisareissulle!<\/p>\n<p><a href=\"http:\/\/www.pohtiskiteam.fi\/sivut\/wp-content\/uploads\/2016\/01\/jl9ALq8VfrJNWEz9eluFJ4boPFR0Gw8V9R1m-32Qtlg.jpg\"><img loading=\"lazy\" decoding=\"async\" class=\"alignnone wp-image-1826\" src=\"http:\/\/www.pohtiskiteam.fi\/sivut\/wp-content\/uploads\/2016\/01\/jl9ALq8VfrJNWEz9eluFJ4boPFR0Gw8V9R1m-32Qtlg-300x200.jpg\" alt=\"jl9ALq8VfrJNWEz9eluFJ4boPFR0Gw8V9R1m-32Qtlg\" width=\"162\" height=\"108\" \/><br \/>\n<\/a>Joni M\u00e4ki (kuva: Jere M\u00e4ki)<\/p>\n<p><em>Naiset<\/em><br \/>\nAndrea Julin, Katri Lylynper\u00e4, Mona-Liisa Nousiainen, Leena Nurmi<\/p>\n<p><em>Miehet<\/em><br \/>\nKarri Hakala, Martti Jylh\u00e4, Toni Ketel\u00e4, Juho Mikkonen, Joni M\u00e4ki, Matias Strandvall<\/p>\n<p>Maastohiihdon <a href=\"http:\/\/www.fis-ski.com\/cross-country\/athletes\/\">urheilijabiot<\/a> FISin sivulla<\/p>\n<p><em>\u201dPlanicaan l\u00e4htee yhteens\u00e4 viisi kotimaan ulkopuolella hiihdett\u00e4vien maailmancupien ensikertalaista. Tourin j\u00e4lkeen meill\u00e4 on hyv\u00e4 tilaisuus kasvattaa nuorten hiiht\u00e4jien kokemusta maailmancupissa\u201d, kommentoi p\u00e4\u00e4valmentaja Reijo Jylh\u00e4.<\/em><\/p>\n<p>&nbsp;<\/p>\n<p>&nbsp;<\/p>\n","protected":false},"excerpt":{"rendered":"<p>Pohti SkiTeamin Joni M\u00e4ki on nimetty ensi viikonlopun sprintin maailmancupin joukkueeseen Slovenian Planicaan. N\u00e4in Vantaan Suomen Cup j\u00e4\u00e4 h\u00e4nelt\u00e4 v\u00e4liin. T\u00e4m\u00e4 on Jonille ensimm\u00e4inen mc-edustusteht\u00e4v\u00e4 kotimaan ulkopuolella. ONNITTELUT Joni ja menestyst\u00e4 kisareissulle! Joni M\u00e4ki (kuva: Jere M\u00e4ki) Naiset Andrea Julin, Katri Lylynper\u00e4, Mona-Liisa Nousiainen, Leena Nurmi Miehet Karri Hakala, Martti Jylh\u00e4, Toni Ketel\u00e4, Juho Mikkonen,&hellip;<\/p>\n","protected":false},"author":2,"featured_media":0,"comment_status":"closed","ping_status":"closed","sticky":false,"template":"","format":"standard","meta":{"footnotes":""},"categories":[5],"tags":[],"class_list":["post-1818","post","type-post","status-publish","format-standard","hentry","category-tiedotteet","category-5","description-off"],"_links":{"self":[{"href":"https:\/\/www.pohtiskiteam.fi\/www\/wp-json\/wp\/v2\/posts\/1818","targetHints":{"allow":["GET"]}}],"collection":[{"href":"https:\/\/www.pohtiskiteam.fi\/www\/wp-json\/wp\/v2\/posts"}],"about":[{"href":"https:\/\/www.pohtiskiteam.fi\/www\/wp-json\/wp\/v2\/types\/post"}],"author":[{"embeddable":true,"href":"https:\/\/www.pohtiskiteam.fi\/www\/wp-json\/wp\/v2\/users\/2"}],"replies":[{"embeddable":true,"href":"https:\/\/www.pohtiskiteam.fi\/www\/wp-json\/wp\/v2\/comments?post=1818"}],"version-history":[{"count":0,"href":"https:\/\/www.pohtiskiteam.fi\/www\/wp-json\/wp\/v2\/posts\/1818\/revisions"}],"wp:attachment":[{"href":"https:\/\/www.pohtiskiteam.fi\/www\/wp-json\/wp\/v2\/media?parent=1818"}],"wp:term":[{"taxonomy":"category","embeddable":true,"href":"https:\/\/www.pohtiskiteam.fi\/www\/wp-json\/wp\/v2\/categories?post=1818"},{"taxonomy":"post_tag","embeddable":true,"href":"https:\/\/www.pohtiskiteam.fi\/www\/wp-json\/wp\/v2\/tags?post=1818"}],"curies":[{"name":"wp","href":"https:\/\/api.w.org\/{rel}","templated":true}]}}