{"id":4804,"date":"2018-10-26T01:19:37","date_gmt":"2018-10-25T22:19:37","guid":{"rendered":"http:\/\/www.pohtiskiteam.fi\/sivut\/?p=4804"},"modified":"2018-10-26T01:19:37","modified_gmt":"2018-10-25T22:19:37","slug":"vuokatin-suomen-cup-27-28-10-2018","status":"publish","type":"post","link":"https:\/\/www.pohtiskiteam.fi\/www\/2018\/10\/26\/vuokatin-suomen-cup-27-28-10-2018\/","title":{"rendered":"Vuokatin Suomen Cup 27.-28.10.2018"},"content":{"rendered":"<p>Talven kilpailukausi k\u00e4ynnistyy perinte\u00edseen tapaan\u00a0Vuokatissa<br \/>\nhiihdett\u00e4v\u00e4ll\u00e4 Suomen Cupin osakilpailulla.<\/p>\n<p>Lauantaina 27.10. hiihdet\u00e4\u00e4n naisten ja miesten vapaan\u00a0hiihtotavan<br \/>\nsprintit. Sunnuntaina 28.10. ovat vuorossa\u00a0naisten 3&#215;4 km ja miesten<br \/>\n3&#215;6 km viestit. Viestit hiihdet\u00e4\u00e4n\u00a0perinteisell\u00e4 hiihtotavalla.<\/p>\n<p>Pohti SkiTeamista sprinttiin osallistuvat Heikki Korpela,\u00a0Miikka Kinnunen,<br \/>\nIiro-Mikko Harjua ja Joel Ikonen. Pohdin nuorten ryhm\u00e4st\u00e4 mukana on<br \/>\nTero Pesonen.<\/p>\n<p>Sunnuntain viestiin ilmoitettiin kolme joukkuetta. Sairastelujen\u00a0vuoksi<br \/>\nkolmosjoukkue joutuu j\u00e4\u00e4m\u00e4\u00e4n pois. Viestijoukkueet kootaan seuraavista<br \/>\nhiiht\u00e4jist\u00e4: Heikki Korpela, Miikka\u00a0Kinnunen, Joel Ikonen, Iiro-Mikko Harju,<br \/>\nJuho Halonen ja\u00a0Tuure Pesola. Tero Pesonen on varalla. Lopullinen joukku-<br \/>\neiden\u00a0kokoonpano valitaan lauantain sprintin j\u00e4lkeen.<\/p>\n<p>Tiedotteen Vuokatin matkasta n\u00e4et\u00a0<a href=\"http:\/\/www.pohtiskiteam.fi\/sivut\/wp-content\/uploads\/2018\/10\/Vuokatin-matka-28.10.2018-ilmoitus.pdf\">T\u00c4\u00c4LT\u00c4<\/a><\/p>\n","protected":false},"excerpt":{"rendered":"<p>Talven kilpailukausi k\u00e4ynnistyy perinte\u00edseen tapaan\u00a0Vuokatissa hiihdett\u00e4v\u00e4ll\u00e4 Suomen Cupin osakilpailulla. Lauantaina 27.10. hiihdet\u00e4\u00e4n naisten ja miesten vapaan\u00a0hiihtotavan sprintit. Sunnuntaina 28.10. ovat vuorossa\u00a0naisten 3&#215;4 km ja miesten 3&#215;6 km viestit. Viestit hiihdet\u00e4\u00e4n\u00a0perinteisell\u00e4 hiihtotavalla. Pohti SkiTeamista sprinttiin osallistuvat Heikki Korpela,\u00a0Miikka Kinnunen, Iiro-Mikko Harjua ja Joel Ikonen. Pohdin nuorten ryhm\u00e4st\u00e4 mukana on Tero Pesonen. Sunnuntain viestiin ilmoitettiin kolme joukkuetta.&hellip;<\/p>\n","protected":false},"author":2,"featured_media":0,"comment_status":"closed","ping_status":"closed","sticky":false,"template":"","format":"standard","meta":{"footnotes":""},"categories":[3],"tags":[],"class_list":["post-4804","post","type-post","status-publish","format-standard","hentry","category-kilpailut","category-3","description-off"],"_links":{"self":[{"href":"https:\/\/www.pohtiskiteam.fi\/www\/wp-json\/wp\/v2\/posts\/4804","targetHints":{"allow":["GET"]}}],"collection":[{"href":"https:\/\/www.pohtiskiteam.fi\/www\/wp-json\/wp\/v2\/posts"}],"about":[{"href":"https:\/\/www.pohtiskiteam.fi\/www\/wp-json\/wp\/v2\/types\/post"}],"author":[{"embeddable":true,"href":"https:\/\/www.pohtiskiteam.fi\/www\/wp-json\/wp\/v2\/users\/2"}],"replies":[{"embeddable":true,"href":"https:\/\/www.pohtiskiteam.fi\/www\/wp-json\/wp\/v2\/comments?post=4804"}],"version-history":[{"count":0,"href":"https:\/\/www.pohtiskiteam.fi\/www\/wp-json\/wp\/v2\/posts\/4804\/revisions"}],"wp:attachment":[{"href":"https:\/\/www.pohtiskiteam.fi\/www\/wp-json\/wp\/v2\/media?parent=4804"}],"wp:term":[{"taxonomy":"category","embeddable":true,"href":"https:\/\/www.pohtiskiteam.fi\/www\/wp-json\/wp\/v2\/categories?post=4804"},{"taxonomy":"post_tag","embeddable":true,"href":"https:\/\/www.pohtiskiteam.fi\/www\/wp-json\/wp\/v2\/tags?post=4804"}],"curies":[{"name":"wp","href":"https:\/\/api.w.org\/{rel}","templated":true}]}}