{"id":5056,"date":"2019-02-05T23:13:34","date_gmt":"2019-02-05T21:13:34","guid":{"rendered":"http:\/\/www.pohtiskiteam.fi\/sivut\/?p=5056"},"modified":"2019-02-05T23:13:34","modified_gmt":"2019-02-05T21:13:34","slug":"maki-ja-korpela-lahden-mciin-maki-valittiin-mm-joukkueeseen","status":"publish","type":"post","link":"https:\/\/www.pohtiskiteam.fi\/www\/2019\/02\/05\/maki-ja-korpela-lahden-mciin-maki-valittiin-mm-joukkueeseen\/","title":{"rendered":"M\u00e4ki ja Korpela Lahden mc:iin! M\u00e4ki valittiin MM-joukkueeseen!"},"content":{"rendered":"\n<p>Pohti SkiTeamin Joni M\u00e4ki ja Heikki Korpela on nimetty Lahdessa 9.-10.2.2019 hiihdett\u00e4v\u00e4\u00e4n maailman-cupin osakilpailun Suomen joukkueeseen. <\/p>\n\n\n\n<p>Joni hiiht\u00e4\u00e4 maajoukkueryhms\u00e4ss\u00e4 ja Heikki kansallisessa ryhm\u00e4ss\u00e4. Heikki nousi joukkueeseen varamiehen paikalta. H\u00e4n sai tiedon valinnasta tiistaina.<\/p>\n\n\n\n<p>Lahdessa hiihdet\u00e4\u00e4n lauantaina vapaan hiihtotavan sprintti ja pariviesti sunnuntaina perinteisell\u00e4.<\/p>\n\n\n\n<p>Joni M\u00e4en valinta Seefeldin MM-joukkueeseen varmistui jo Imatran SM-hiihtojen aikaan. Kisat alkavat sprinttihiihdolla 21.2.<\/p>\n","protected":false},"excerpt":{"rendered":"<p>Pohti SkiTeamin Joni M\u00e4ki ja Heikki Korpela on nimetty Lahdessa 9.-10.2.2019 hiihdett\u00e4v\u00e4\u00e4n maailman-cupin osakilpailun Suomen joukkueeseen. Joni hiiht\u00e4\u00e4 maajoukkueryhms\u00e4ss\u00e4 ja Heikki kansallisessa ryhm\u00e4ss\u00e4. Heikki nousi joukkueeseen varamiehen paikalta. H\u00e4n sai tiedon valinnasta tiistaina. Lahdessa hiihdet\u00e4\u00e4n lauantaina vapaan hiihtotavan sprintti ja pariviesti sunnuntaina perinteisell\u00e4. Joni M\u00e4en valinta Seefeldin MM-joukkueeseen varmistui jo Imatran SM-hiihtojen aikaan. Kisat alkavat&hellip;<\/p>\n","protected":false},"author":2,"featured_media":0,"comment_status":"closed","ping_status":"closed","sticky":false,"template":"","format":"standard","meta":{"footnotes":""},"categories":[5],"tags":[],"class_list":["post-5056","post","type-post","status-publish","format-standard","hentry","category-tiedotteet","category-5","description-off"],"_links":{"self":[{"href":"https:\/\/www.pohtiskiteam.fi\/www\/wp-json\/wp\/v2\/posts\/5056","targetHints":{"allow":["GET"]}}],"collection":[{"href":"https:\/\/www.pohtiskiteam.fi\/www\/wp-json\/wp\/v2\/posts"}],"about":[{"href":"https:\/\/www.pohtiskiteam.fi\/www\/wp-json\/wp\/v2\/types\/post"}],"author":[{"embeddable":true,"href":"https:\/\/www.pohtiskiteam.fi\/www\/wp-json\/wp\/v2\/users\/2"}],"replies":[{"embeddable":true,"href":"https:\/\/www.pohtiskiteam.fi\/www\/wp-json\/wp\/v2\/comments?post=5056"}],"version-history":[{"count":0,"href":"https:\/\/www.pohtiskiteam.fi\/www\/wp-json\/wp\/v2\/posts\/5056\/revisions"}],"wp:attachment":[{"href":"https:\/\/www.pohtiskiteam.fi\/www\/wp-json\/wp\/v2\/media?parent=5056"}],"wp:term":[{"taxonomy":"category","embeddable":true,"href":"https:\/\/www.pohtiskiteam.fi\/www\/wp-json\/wp\/v2\/categories?post=5056"},{"taxonomy":"post_tag","embeddable":true,"href":"https:\/\/www.pohtiskiteam.fi\/www\/wp-json\/wp\/v2\/tags?post=5056"}],"curies":[{"name":"wp","href":"https:\/\/api.w.org\/{rel}","templated":true}]}}