{"id":5360,"date":"2019-09-04T08:36:14","date_gmt":"2019-09-04T05:36:14","guid":{"rendered":"http:\/\/www.pohtiskiteam.fi\/sivut\/?p=5360"},"modified":"2019-09-04T08:36:14","modified_gmt":"2019-09-04T05:36:14","slug":"pekka-laajalahti-pohti-skiteamin-uusi-puheenjohta","status":"publish","type":"post","link":"https:\/\/www.pohtiskiteam.fi\/www\/2019\/09\/04\/pekka-laajalahti-pohti-skiteamin-uusi-puheenjohta\/","title":{"rendered":"Pekka Laajalahti Pohti SkiTeamin uusi puheenjohtaja"},"content":{"rendered":"<p>Pekka Laajalahti valittiin 3.9.2019 pidetyss\u00e4 Pohti SkiTeam ry:n ensimm\u00e4isess\u00e4<br \/>\ns\u00e4\u00e4nt\u00f6m\u00e4\u00e4r\u00e4isess\u00e4\u00a0vuosikokouksessa\u00a0seuran uudeksi\u00a0puheenjohtajaksi.<br \/>\nKev\u00e4\u00e4n j\u00e4rjest\u00e4ytymiskokouksessa\u00a0puheenjohtajaksi valittu\u00a0Kauko<br \/>\nTikkanen luopui teht\u00e4v\u00e4st\u00e4 ja keskittyy yksinomaan\u00a0managerin teht\u00e4viin.<br \/>\nPuheenjohtajan pesti kest\u00e4\u00e4 ensi vuonna pidett\u00e4v\u00e4\u00e4n vuosikokoukseen<br \/>\nsaakka.<\/p>\n<p>Johtokunnassa jatkavat Jari Hankonen ja Jarkko Huttunen, Kauko\u00a0Tikkasen<br \/>\nsiirtyi puheenjohtajan paikalta rivij\u00e4seneksi. Uutena\u00a0j\u00e4senen\u00e4 johtokuntaan<br \/>\nvalittiin Tuomo Tapaninaho.<\/p>\n<p>Johtokunnan\u00a0j\u00e4senten pesti on\u00a0kaksivuotinen, vuosittain puolet j\u00e4senist\u00e4 on<br \/>\nerovuorossa.\u00a0Ensimm\u00e4isen vuoden\u00a0erovuoroisuus\u00a0arvottiin, seuraavassa<br \/>\nvuosikokouksessa\u00a0erovuorossa ovat Jarkko\u00a0Huttunen ja Tuomo\u00a0Tapaninaho.<\/p>\n<p>Johtokunta valitsee keskuudestaan varapuheenjohtajan. Sihteeri ja rahaston-<br \/>\nhoitaja\u00a0valitaan\u00a0joko johtokunnan sis\u00e4lt\u00e4 tai ne on s\u00e4\u00e4nt\u00f6jen mukaan mahdollista<br \/>\nvalita my\u00f6s johtokunnan ulkopuolelta.<\/p>\n<p>Muita p\u00e4\u00e4t\u00f6ksi\u00e4:<br \/>\n&#8211; johtokunnan laatima toimintasuunnitelma ja talousarvio hyv\u00e4ksyttiin<br \/>\n&#8211; j\u00e4senmaksuksi\u00a0p\u00e4\u00e4tettiin\u00a030\u20ac,\u00a0alle 15 v. 15\u20ac<br \/>\n&#8211; toiminnantarkastajaksi valittiin Hannu Kohijoki, varalle Raimo Tuoriniemi.<\/p>\n<p>Seuran toiminta- ja tilikausi on 1.6.2019 &#8211; 31.5.2020.<br \/>\nSeuran j\u00e4senm\u00e4\u00e4r\u00e4 on t\u00e4ll\u00e4 hetkell\u00e4 49 henkil\u00f6\u00e4.<\/p>\n<p>Vuosikokouksen puheenjohtajana toimi Paavo Leskinen, Pekka Laajalahti oli sihteerin\u00e4.<\/p>\n<p>Kokouksessa oli paikalla kahdeksan seuran j\u00e4sent\u00e4.<\/p>\n<p>Seuraava vuosikokous pidet\u00e4\u00e4n\u00a0ensi\u00a0vuonna\u00a0nelj\u00e4n kuukauden\u00a0kuluessa tilikauden<br \/>\np\u00e4\u00e4ttymisesta, 1.6. &#8211; 30.9.2020\u00a0v\u00e4lisen\u00e4 aikana.<\/p>\n","protected":false},"excerpt":{"rendered":"<p>Pekka Laajalahti valittiin 3.9.2019 pidetyss\u00e4 Pohti SkiTeam ry:n ensimm\u00e4isess\u00e4 s\u00e4\u00e4nt\u00f6m\u00e4\u00e4r\u00e4isess\u00e4\u00a0vuosikokouksessa\u00a0seuran uudeksi\u00a0puheenjohtajaksi. Kev\u00e4\u00e4n j\u00e4rjest\u00e4ytymiskokouksessa\u00a0puheenjohtajaksi valittu\u00a0Kauko Tikkanen luopui teht\u00e4v\u00e4st\u00e4 ja keskittyy yksinomaan\u00a0managerin teht\u00e4viin. Puheenjohtajan pesti kest\u00e4\u00e4 ensi vuonna pidett\u00e4v\u00e4\u00e4n vuosikokoukseen saakka. Johtokunnassa jatkavat Jari Hankonen ja Jarkko Huttunen, Kauko\u00a0Tikkasen siirtyi puheenjohtajan paikalta rivij\u00e4seneksi. Uutena\u00a0j\u00e4senen\u00e4 johtokuntaan valittiin Tuomo Tapaninaho. Johtokunnan\u00a0j\u00e4senten pesti on\u00a0kaksivuotinen, vuosittain puolet j\u00e4senist\u00e4 on erovuorossa.\u00a0Ensimm\u00e4isen vuoden\u00a0erovuoroisuus\u00a0arvottiin,&hellip;<\/p>\n","protected":false},"author":2,"featured_media":0,"comment_status":"closed","ping_status":"closed","sticky":false,"template":"","format":"standard","meta":{"footnotes":""},"categories":[5],"tags":[],"class_list":["post-5360","post","type-post","status-publish","format-standard","hentry","category-tiedotteet","category-5","description-off"],"_links":{"self":[{"href":"https:\/\/www.pohtiskiteam.fi\/www\/wp-json\/wp\/v2\/posts\/5360","targetHints":{"allow":["GET"]}}],"collection":[{"href":"https:\/\/www.pohtiskiteam.fi\/www\/wp-json\/wp\/v2\/posts"}],"about":[{"href":"https:\/\/www.pohtiskiteam.fi\/www\/wp-json\/wp\/v2\/types\/post"}],"author":[{"embeddable":true,"href":"https:\/\/www.pohtiskiteam.fi\/www\/wp-json\/wp\/v2\/users\/2"}],"replies":[{"embeddable":true,"href":"https:\/\/www.pohtiskiteam.fi\/www\/wp-json\/wp\/v2\/comments?post=5360"}],"version-history":[{"count":0,"href":"https:\/\/www.pohtiskiteam.fi\/www\/wp-json\/wp\/v2\/posts\/5360\/revisions"}],"wp:attachment":[{"href":"https:\/\/www.pohtiskiteam.fi\/www\/wp-json\/wp\/v2\/media?parent=5360"}],"wp:term":[{"taxonomy":"category","embeddable":true,"href":"https:\/\/www.pohtiskiteam.fi\/www\/wp-json\/wp\/v2\/categories?post=5360"},{"taxonomy":"post_tag","embeddable":true,"href":"https:\/\/www.pohtiskiteam.fi\/www\/wp-json\/wp\/v2\/tags?post=5360"}],"curies":[{"name":"wp","href":"https:\/\/api.w.org\/{rel}","templated":true}]}}