{"id":551,"date":"2014-11-24T17:36:58","date_gmt":"2014-11-24T15:36:58","guid":{"rendered":"http:\/\/www.pohtiskiteam.fi\/sivut\/?p=551"},"modified":"2014-11-24T17:36:58","modified_gmt":"2014-11-24T15:36:58","slug":"heikki-korpela-rukan-mc-joukkueeseen","status":"publish","type":"post","link":"https:\/\/www.pohtiskiteam.fi\/www\/2014\/11\/24\/heikki-korpela-rukan-mc-joukkueeseen\/","title":{"rendered":"Heikki Korpela Rukan mc-joukkueeseen"},"content":{"rendered":"<p>Pohti SkiTeamin Heikki Korpela on valittu ensi viikonloppuna k\u00e4yt\u00e4v\u00e4n Rukan maailmancupin Suomen kansallisen ryhm\u00e4n varamieheksi perinteisen 15 km matkalle. N\u00e4in Heikin alkutalven hyv\u00e4t n\u00e4yt\u00f6t on huomioitu maajoukkueen johdonkin taholta.<\/p>\n<p><strong>Suomen maastohiihtojoukkue Rukan maailmancup 29-30.11.2014<\/strong><\/p>\n<p><strong>Miehet distanssi:\u00a0<\/strong>\u00a0 \u00a0 \u00a0 \u00a0 \u00a0 \u00a0 \u00a0 \u00a0 \u00a0 \u00a0 \u00a0 \u00a0<strong>Miehet sprintti:<\/strong><\/p>\n<p><strong>Maajoukkue\u00a0\u00a0 <\/strong>\u00a0 \u00a0 \u00a0 \u00a0 \u00a0 \u00a0 \u00a0 \u00a0 \u00a0 \u00a0 \u00a0 \u00a0 \u00a0 \u00a0 <strong>Maajoukkue<\/strong><br \/>\nMatti Heikkinen \u00a0 \u00a0 \u00a0 \u00a0 \u00a0 \u00a0 \u00a0 \u00a0 \u00a0 \u00a0 \u00a0 \u00a0 \u00a0 \u00a0Martti Jylh\u00e4<br \/>\nSami Jauhoj\u00e4rvi \u00a0 \u00a0 \u00a0 \u00a0 \u00a0 \u00a0 \u00a0 \u00a0 \u00a0 \u00a0 \u00a0 \u00a0 \u00a0 \u00a0Toni Ketel\u00e4<br \/>\nIivo Niskanen \u00a0 \u00a0 \u00a0 \u00a0 \u00a0 \u00a0 \u00a0 \u00a0 \u00a0 \u00a0 \u00a0 \u00a0 \u00a0 \u00a0 \u00a0 Ari Luusua<br \/>\nVille Nousiainen \u00a0 \u00a0 \u00a0 \u00a0 \u00a0 \u00a0 \u00a0 \u00a0 \u00a0 \u00a0 \u00a0 \u00a0 \u00a0 Juho Mikkonen<br \/>\nAnssi Pentsinen<br \/>\nMatias Strandvall<\/p>\n<p><strong>Kansallinen ryhm\u00e4\u00a0\u00a0\u00a0\u00a0\u00a0<\/strong>\u00a0 \u00a0 \u00a0 \u00a0 \u00a0 \u00a0 \u00a0 \u00a0<strong>Kansallinen ryhm\u00e4<\/strong><br \/>\nRisto-Matti Hakola \u00a0 \u00a0 \u00a0 \u00a0 \u00a0 \u00a0 \u00a0 \u00a0 \u00a0 \u00a0 \u00a0 Risto-Matti Hakola<br \/>\nPerttu Hyv\u00e4rinen \u00a0 \u00a0 \u00a0 \u00a0 \u00a0 \u00a0 \u00a0 \u00a0 \u00a0 \u00a0 \u00a0 \u00a0 \u00a0Antti H\u00e4k\u00e4mies<br \/>\nToni Ketel\u00e4 \u00a0 \u00a0 \u00a0 \u00a0 \u00a0 \u00a0 \u00a0 \u00a0 \u00a0 \u00a0 \u00a0 \u00a0 \u00a0 \u00a0 \u00a0 \u00a0 Sami Jauhoj\u00e4rvi<br \/>\nMikko Koutaniemi \u00a0 \u00a0 \u00a0 \u00a0 \u00a0 \u00a0 \u00a0 \u00a0 \u00a0 \u00a0 \u00a0 Kalle Lassila<br \/>\nAntti Lampinen \u00a0 \u00a0 \u00a0 \u00a0 \u00a0 \u00a0 \u00a0 \u00a0 \u00a0 \u00a0 \u00a0 \u00a0 \u00a0 Joni M\u00e4ki<br \/>\nLari Lehtonen \u00a0 \u00a0 \u00a0 \u00a0 \u00a0 \u00a0 \u00a0 \u00a0 \u00a0 \u00a0 \u00a0 \u00a0 \u00a0 \u00a0 Rikhard M\u00e4ki-Heikkil\u00e4<br \/>\nAri Luusua \u00a0 \u00a0 \u00a0 \u00a0 \u00a0 \u00a0 \u00a0 \u00a0 \u00a0 \u00a0 \u00a0 \u00a0 \u00a0 \u00a0 \u00a0 \u00a0 Ville Nousiainen<br \/>\nJuho Mikkonen \u00a0 \u00a0 \u00a0 \u00a0 \u00a0 \u00a0 \u00a0 \u00a0 \u00a0 \u00a0 \u00a0 \u00a0 \u00a0 Ville-Petteri Saarela<br \/>\nAnssi Pentsinen \u00a0 \u00a0 \u00a0 \u00a0 \u00a0 \u00a0 \u00a0 \u00a0 \u00a0 \u00a0 \u00a0 \u00a0 Oskar Sj\u00f6lund<br \/>\nMatias Strandvall \u00a0 \u00a0 \u00a0 \u00a0 \u00a0 \u00a0 \u00a0 \u00a0 \u00a0 \u00a0 \u00a0 \u00a0Lauri Vuorinen<\/p>\n<p><strong>Varalla\u00a0\u00a0\u00a0\u00a0<\/strong>\u00a0 \u00a0 \u00a0 \u00a0 \u00a0 \u00a0 \u00a0 \u00a0 \u00a0 \u00a0 \u00a0 \u00a0 \u00a0 \u00a0 \u00a0 \u00a0 \u00a0<strong>Varalla<\/strong><br \/>\nMartti Jylh\u00e4 \u00a0 \u00a0 \u00a0 \u00a0 \u00a0 \u00a0 \u00a0 \u00a0 \u00a0 \u00a0 \u00a0 \u00a0 \u00a0 \u00a0 \u00a0 \u00a0Lauri Lepist\u00f6<br \/>\nHeikki Korpela \u00a0 \u00a0 \u00a0 \u00a0 \u00a0 \u00a0 \u00a0 \u00a0 \u00a0 \u00a0 \u00a0 \u00a0 \u00a0 \u00a0Juha-Matti Mikkolainen<\/p>\n<p>&nbsp;<\/p>\n","protected":false},"excerpt":{"rendered":"<p>Pohti SkiTeamin Heikki Korpela on valittu ensi viikonloppuna k\u00e4yt\u00e4v\u00e4n Rukan maailmancupin Suomen kansallisen ryhm\u00e4n varamieheksi perinteisen 15 km matkalle. N\u00e4in Heikin alkutalven hyv\u00e4t n\u00e4yt\u00f6t on huomioitu maajoukkueen johdonkin taholta. Suomen maastohiihtojoukkue Rukan maailmancup 29-30.11.2014 Miehet distanssi:\u00a0\u00a0 \u00a0 \u00a0 \u00a0 \u00a0 \u00a0 \u00a0 \u00a0 \u00a0 \u00a0 \u00a0 \u00a0Miehet sprintti: Maajoukkue\u00a0\u00a0 \u00a0 \u00a0 \u00a0 \u00a0 \u00a0 \u00a0&hellip;<\/p>\n","protected":false},"author":2,"featured_media":0,"comment_status":"closed","ping_status":"closed","sticky":false,"template":"","format":"standard","meta":{"footnotes":""},"categories":[5],"tags":[],"class_list":["post-551","post","type-post","status-publish","format-standard","hentry","category-tiedotteet","category-5","description-off"],"_links":{"self":[{"href":"https:\/\/www.pohtiskiteam.fi\/www\/wp-json\/wp\/v2\/posts\/551","targetHints":{"allow":["GET"]}}],"collection":[{"href":"https:\/\/www.pohtiskiteam.fi\/www\/wp-json\/wp\/v2\/posts"}],"about":[{"href":"https:\/\/www.pohtiskiteam.fi\/www\/wp-json\/wp\/v2\/types\/post"}],"author":[{"embeddable":true,"href":"https:\/\/www.pohtiskiteam.fi\/www\/wp-json\/wp\/v2\/users\/2"}],"replies":[{"embeddable":true,"href":"https:\/\/www.pohtiskiteam.fi\/www\/wp-json\/wp\/v2\/comments?post=551"}],"version-history":[{"count":0,"href":"https:\/\/www.pohtiskiteam.fi\/www\/wp-json\/wp\/v2\/posts\/551\/revisions"}],"wp:attachment":[{"href":"https:\/\/www.pohtiskiteam.fi\/www\/wp-json\/wp\/v2\/media?parent=551"}],"wp:term":[{"taxonomy":"category","embeddable":true,"href":"https:\/\/www.pohtiskiteam.fi\/www\/wp-json\/wp\/v2\/categories?post=551"},{"taxonomy":"post_tag","embeddable":true,"href":"https:\/\/www.pohtiskiteam.fi\/www\/wp-json\/wp\/v2\/tags?post=551"}],"curies":[{"name":"wp","href":"https:\/\/api.w.org\/{rel}","templated":true}]}}