{"id":7017,"date":"2021-05-25T17:33:49","date_gmt":"2021-05-25T14:33:49","guid":{"rendered":"http:\/\/www.pohtiskiteam.fi\/sivut\/?p=7017"},"modified":"2021-05-25T17:33:49","modified_gmt":"2021-05-25T14:33:49","slug":"pohti-skiteam-vahvistui-kahdella-nuorella-hiihtajalla-m20-sarjassa-ensi-kaudella-hiihtavat-matias-hyvonen-ja-konsta-mantyvaara-allekirjoittivat-11-vuotiset-sopimukset","status":"publish","type":"post","link":"https:\/\/www.pohtiskiteam.fi\/www\/2021\/05\/25\/pohti-skiteam-vahvistui-kahdella-nuorella-hiihtajalla-m20-sarjassa-ensi-kaudella-hiihtavat-matias-hyvonen-ja-konsta-mantyvaara-allekirjoittivat-11-vuotiset-sopimukset\/","title":{"rendered":"Pohti SkiTeam vahvistui kahdella nuorella hiiht\u00e4j\u00e4ll\u00e4 \u2013 M20-sarjassa ensi kaudella hiiht\u00e4v\u00e4t Matias Hyv\u00f6nen ja Konsta M\u00e4ntyvaara allekirjoittivat 1+1 -vuotiset sopimukset"},"content":{"rendered":"<p><a href=\"http:\/\/www.pohtiskiteam.fi\/sivut\/wp-content\/uploads\/2021\/05\/Matias_Hyvonen2.jpg\"><img loading=\"lazy\" decoding=\"async\" class=\"alignnone wp-image-7018\" src=\"http:\/\/www.pohtiskiteam.fi\/sivut\/wp-content\/uploads\/2021\/05\/Matias_Hyvonen2-300x213.jpg\" alt=\"\" width=\"553\" height=\"393\" \/><\/a><\/p>\n<p><em>Teksti: Ossi Savolainen, kuvat: Kauko Tikkanen<\/em><\/p>\n<p>Pyh\u00e4j\u00e4rven Pohti SkiTeamin vahva hiihtoryhm\u00e4 sai joukkueeseensa lis\u00e4\u00e4 nuorta verta kahden uuden sopimuksen my\u00f6t\u00e4. <strong>Matias Hyv\u00f6nen<\/strong>, 19, siirtyy keltapunaiseen asuun Lahden Hiihtoseurasta, kun taas <strong>Konsta M\u00e4ntyvaara<\/strong>, 17, vaihtaa nokialaisen Kankaantaan Kisan Pohti SkiTeamiin.<\/p>\n<p>Molemmat hiiht\u00e4j\u00e4t kilpailevat ik\u00e4ns\u00e4 puolesta kaudella 2021\u20132022 M20-sarjassa.<\/p>\n<p>\u2013 Lahden Hiihtoseuralla ei ollut en\u00e4\u00e4 antaa minun tasoiselleni hiiht\u00e4j\u00e4lle riitt\u00e4v\u00e4\u00e4 tukea, eik\u00e4 siell\u00e4 olisi ollut viestiporukkaa tarjolla. Pohti SkiTeam oli seuroista ykk\u00f6svaihtoehto, taustoittaa siirtoa nuorten maajoukkueryhm\u00e4\u00e4n kuuluva Hyv\u00f6nen.<\/p>\n<p>Kuten Hyv\u00f6nen mainitsee, sai M\u00e4ntyvaarankin katseen kohti Pyh\u00e4j\u00e4rve\u00e4 seuran ammattimaisuus.<\/p>\n<p>\u2013 N\u00e4kemykseni seuran ammattimaisuudesta on vain vahvistunut ensimm\u00e4isiss\u00e4 palavereissa. Viesti- ja parisprinttijoukkueet olivat my\u00f6s yksi iso tekij\u00e4, M\u00e4ntyvaara muotoilee, ja toteaa, ettei saanut en\u00e4\u00e4 viime kaudella riitt\u00e4v\u00e4sti tukea vanhalta seuraltaan.<\/p>\n<p>&nbsp;<\/p>\n<p><strong>Matias Hyv\u00f6nen<\/strong> nousi ensimm\u00e4ist\u00e4 kertaa nuorten maajoukkueryhm\u00e4\u00e4n kaudeksi 2020\u20132021. H\u00e4net nimettiin ryhm\u00e4\u00e4n my\u00f6s tulevaksi kaudeksi.<\/p>\n<p>Viime kaudella m\u00e4nts\u00e4l\u00e4l\u00e4isl\u00e4ht\u00f6inen hiiht\u00e4j\u00e4 esiintyi nuorten MM-hiihdoissa Vuokatissa, jossa h\u00e4n sijoittui alle 20-vuotiaiden sarjan vapaan kympill\u00e4 23:nneksi. Alle 23-vuotiaiden sarjan perinteisen 30 kilometri\u00e4 toi sijan 30.<\/p>\n<p>Kaudella 2018\u20132019 Matias Hyv\u00f6nen kipusi nuorten SM-hiihtojen M17-sarjassa kolmesti palkintopallille.<\/p>\n<p>\u2013 Ensi kaudella suurimmat tavoitteeni ovat nuorten MM-kisoissa Zakopanessa sek\u00e4 nuorten SM-mitalien voittamisessa. Tavoite on my\u00f6s nostaa tasoani l\u00e4hemm\u00e4s aikuisten kansallisen tason k\u00e4rke\u00e4, Hyv\u00f6nen paaluttaa.<\/p>\n<p><a href=\"http:\/\/www.pohtiskiteam.fi\/sivut\/wp-content\/uploads\/2021\/05\/Konsta_Mantyvaara1-scaled.jpg\"><img loading=\"lazy\" decoding=\"async\" class=\"alignnone wp-image-7019\" src=\"http:\/\/www.pohtiskiteam.fi\/sivut\/wp-content\/uploads\/2021\/05\/Konsta_Mantyvaara1-207x300.jpg\" alt=\"\" width=\"348\" height=\"504\" \/><\/a><\/p>\n<p><strong>Tampereelta kotoisin<\/strong> oleva Konsta M\u00e4ntyvaara nappasi viime kaudella uransa ensimm\u00e4iset nuorten sarjojen SM-mitalit.<\/p>\n<p>H\u00e4n ylitti maalilinjan kolmantena M18-sarjan 15 kilometrin perinteisen kisassa Jyv\u00e4skyl\u00e4ss\u00e4. Samana viikonloppuna h\u00e4n voitti parisprintin SM-kultaa Kankaantaan Kisan riveiss\u00e4 yhdess\u00e4 Ike Melnitsin kanssa.<\/p>\n<p>Viime kauden suurimmiksi onnistumisikseen M\u00e4ntyvaara nostaa kuitenkin nuorten MM-katsastukset M20-sarjassa, jossa h\u00e4n sivakoi sijoille kahdeksan, yhdeks\u00e4n ja 13.<\/p>\n<p>Tulevalle kaudelle M\u00e4ntyvaaran p\u00e4\u00e4tavoite on nuorten MM-kisakoneeseen astuminen.<\/p>\n<p>\u2013 Harjoituskaudella l\u00e4hdet\u00e4\u00e4n isossa kuvassa kehitt\u00e4m\u00e4\u00e4n vapaan hiihtoani. Jalkoihin pit\u00e4\u00e4 saada voimaa ja muuttaa se my\u00f6hemmin kest\u00e4vyydeksi ja nopeudeksi. My\u00f6s perinteisen hyv\u00e4\u00e4 kuntoa t\u00e4ytyy yll\u00e4pit\u00e4\u00e4, M\u00e4ntyvaara kokoaa.<\/p>\n<p>&nbsp;<\/p>\n<p><strong>Sek\u00e4 Konsta<\/strong> M\u00e4ntyvaara ett\u00e4 Matias Hyv\u00f6nen asuvat Sotkamossa, jossa he opiskelevat toisella asteella.<\/p>\n<p>Hyv\u00f6nen valmistuu kes\u00e4kuussa Vuokatin urheiluopistosta liikunnanohjaajaksi. Sen j\u00e4lkeen h\u00e4nen on tarkoitus keskitty\u00e4 t\u00e4ysip\u00e4iv\u00e4isesti hiihtoon.<\/p>\n<p>\u2013 Perinteinen on kulkenut vapaata paremmin, vaikka olin nuorten MM-kisoissa vapaalla 23:s. Sprinttipuolelle pit\u00e4\u00e4 saada harjoituskaudella lis\u00e4\u00e4 voimaa, r\u00e4j\u00e4ht\u00e4vyytt\u00e4 ja kimmoisuutta sek\u00e4 distanssipuolelle raakaa kest\u00e4vyytt\u00e4 ja kest\u00e4vyytt\u00e4 jalkoihin, Hyv\u00f6nen kiteytt\u00e4\u00e4 kehityskohteitaan.<\/p>\n<p>Hiiht\u00e4j\u00e4nuorukaisen henkil\u00f6kohtaisena valmentajana toimii nuorten maajoukkuetta valmentava Ville Maunuksela. Mukana valmennuksessa on my\u00f6s Pohti SkiTeamia hiiht\u00e4j\u00e4n\u00e4 edustava Juho Halonen.<\/p>\n<p>&nbsp;<\/p>\n<p><strong>Konsta M\u00e4ntyvaara<\/strong> k\u00e4y t\u00e4ll\u00e4 hetkell\u00e4 Vuokatin urheilulukiota toista vuottaan. Suunnitelmien mukaan valkolakki painautuisi p\u00e4\u00e4h\u00e4n kahden vuoden p\u00e4\u00e4st\u00e4.<\/p>\n<p>Nuoren miehen valmennuksesta vastaa muun muassa paralympialaisissa omalla hiihtourallaan kunnostautunut Ilkka Tuomisto.<\/p>\n<p>\u2013 Unelmani oli p\u00e4\u00e4st\u00e4 Vuokattiin lukioon ja harjoittelemaan. T\u00e4nne muutosta oli tosi paljon hy\u00f6ty\u00e4, koska puitteet ovat hyv\u00e4t ja omasta harjoittelusta pit\u00e4\u00e4 ottaa t\u00e4\u00e4ll\u00e4 enemm\u00e4n vastuuta, M\u00e4ntyvaara miettii.<\/p>\n<p>Perinteisen hiihdon vahvuudekseen nostava M\u00e4ntyvaara haluaa tulevalla kaudella entist\u00e4 parempia tuloksia my\u00f6s sprinttiradoilta.<\/p>\n<p>\u2013 Perinteisen sprintti kulki viime kaudella ensi kertaa tosi hyvin. Saman tempun jos pystyisin tekem\u00e4\u00e4n vapaalla, niin olisin todella tyytyv\u00e4inen.<\/p>\n<p>&nbsp;<\/p>\n<p><strong>Molemmat ovatkin<\/strong> aloittaneet valmistautumisen kauteen 2021\u20132022 jo hyv\u00e4 tovi sitten toukokuun alussa. Pohti SkiTeamin uudet hiiht\u00e4j\u00e4t eiv\u00e4t kuitenkaan ole viel\u00e4 p\u00e4\u00e4sseet tutustumaan seuratovereihinsa kasvokkain, mutta entuudestaan molemmilla on jo seurassa liuta tuttuja kavereita.<\/p>\n<p>Seura j\u00e4rjest\u00e4\u00e4 menneen kauden p\u00e4\u00e4t\u00f6stilaisuuden \u2013\u00a0koronarajoitukset huomioiden\u00a0\u2013 hein\u00e4kuun alussa. Silloin viimeist\u00e4\u00e4n pojat p\u00e4\u00e4sev\u00e4t tutustumaan koko Pohti SkiTeam\u00a0-perheeseen.<\/p>\n<p>Ensimm\u00e4ist\u00e4 kertaa uudet tulokkaat p\u00e4\u00e4sev\u00e4t leireilem\u00e4\u00e4n seurakavereidensa kanssa hein\u00e4kuun puolimaissa, jolloin alkaa Pohti SkiTeamin Yll\u00e4ksen leiri.<\/p>\n","protected":false},"excerpt":{"rendered":"<p>Teksti: Ossi Savolainen, kuvat: Kauko Tikkanen Pyh\u00e4j\u00e4rven Pohti SkiTeamin vahva hiihtoryhm\u00e4 sai joukkueeseensa lis\u00e4\u00e4 nuorta verta kahden uuden sopimuksen my\u00f6t\u00e4. Matias Hyv\u00f6nen, 19, siirtyy keltapunaiseen asuun Lahden Hiihtoseurasta, kun taas Konsta M\u00e4ntyvaara, 17, vaihtaa nokialaisen Kankaantaan Kisan Pohti SkiTeamiin. Molemmat hiiht\u00e4j\u00e4t kilpailevat ik\u00e4ns\u00e4 puolesta kaudella 2021\u20132022 M20-sarjassa. \u2013 Lahden Hiihtoseuralla ei ollut en\u00e4\u00e4 antaa minun&hellip;<\/p>\n","protected":false},"author":5,"featured_media":0,"comment_status":"closed","ping_status":"closed","sticky":false,"template":"","format":"standard","meta":{"footnotes":""},"categories":[5,1],"tags":[],"class_list":["post-7017","post","type-post","status-publish","format-standard","hentry","category-tiedotteet","category-yleinen","category-5","category-1","description-off"],"_links":{"self":[{"href":"https:\/\/www.pohtiskiteam.fi\/www\/wp-json\/wp\/v2\/posts\/7017","targetHints":{"allow":["GET"]}}],"collection":[{"href":"https:\/\/www.pohtiskiteam.fi\/www\/wp-json\/wp\/v2\/posts"}],"about":[{"href":"https:\/\/www.pohtiskiteam.fi\/www\/wp-json\/wp\/v2\/types\/post"}],"author":[{"embeddable":true,"href":"https:\/\/www.pohtiskiteam.fi\/www\/wp-json\/wp\/v2\/users\/5"}],"replies":[{"embeddable":true,"href":"https:\/\/www.pohtiskiteam.fi\/www\/wp-json\/wp\/v2\/comments?post=7017"}],"version-history":[{"count":0,"href":"https:\/\/www.pohtiskiteam.fi\/www\/wp-json\/wp\/v2\/posts\/7017\/revisions"}],"wp:attachment":[{"href":"https:\/\/www.pohtiskiteam.fi\/www\/wp-json\/wp\/v2\/media?parent=7017"}],"wp:term":[{"taxonomy":"category","embeddable":true,"href":"https:\/\/www.pohtiskiteam.fi\/www\/wp-json\/wp\/v2\/categories?post=7017"},{"taxonomy":"post_tag","embeddable":true,"href":"https:\/\/www.pohtiskiteam.fi\/www\/wp-json\/wp\/v2\/tags?post=7017"}],"curies":[{"name":"wp","href":"https:\/\/api.w.org\/{rel}","templated":true}]}}