{"id":7901,"date":"2023-01-10T00:30:38","date_gmt":"2023-01-09T22:30:38","guid":{"rendered":"https:\/\/www.pohtiskiteam.fi\/www\/?p=7901"},"modified":"2023-02-15T22:43:10","modified_gmt":"2023-02-15T20:43:10","slug":"nuorten-sm-hiihdot-24-26-2-2023","status":"publish","type":"post","link":"https:\/\/www.pohtiskiteam.fi\/www\/2023\/01\/10\/nuorten-sm-hiihdot-24-26-2-2023\/","title":{"rendered":"Joni M\u00e4ki SM-hiihtojen SUOJELIJA!"},"content":{"rendered":"<p><strong>\u00a0 \u00a0 <img loading=\"lazy\" decoding=\"async\" class=\"\" src=\"https:\/\/www.pohtiskiteam.fi\/www\/wp-content\/uploads\/2022\/11\/SM23_logo_vari_pieni-3.png\" alt=\"Nuorten SM-hiihdot 24.-26.2.2023 Pyh\u00e4j\u00e4rvell\u00e4 Honkavuoren hiihtokeskuksessa\" width=\"114\" height=\"81\" \/>\u00a0 \u00a0 \u00a0 \u00a0 \u00a0<img loading=\"lazy\" decoding=\"async\" class=\"\" src=\"https:\/\/www.pohtiskiteam.fi\/www\/wp-content\/uploads\/2022\/11\/SM23_logo_vari_pieni-3.png\" alt=\"Nuorten SM-hiihdot 24.-26.2.2023 Pyh\u00e4j\u00e4rvell\u00e4 Honkavuoren hiihtokeskuksessa\" width=\"114\" height=\"81\" \/>\u00a0 \u00a0 \u00a0 \u00a0\u00a0 <img loading=\"lazy\" decoding=\"async\" class=\"\" src=\"https:\/\/www.pohtiskiteam.fi\/www\/wp-content\/uploads\/2022\/11\/SM23_logo_vari_pieni-3.png\" alt=\"Nuorten SM-hiihdot 24.-26.2.2023 Pyh\u00e4j\u00e4rvell\u00e4 Honkavuoren hiihtokeskuksessa\" width=\"114\" height=\"81\" \/>\u00a0 \u00a0 \u00a0 \u00a0 \u00a0 <img loading=\"lazy\" decoding=\"async\" class=\"\" src=\"https:\/\/www.pohtiskiteam.fi\/www\/wp-content\/uploads\/2022\/11\/SM23_logo_vari_pieni-3.png\" alt=\"Nuorten SM-hiihdot 24.-26.2.2023 Pyh\u00e4j\u00e4rvell\u00e4 Honkavuoren hiihtokeskuksessa\" width=\"114\" height=\"81\" \/>\u00a0<\/strong><\/p>\n<p>Olympia- ja MM-mitalisti <em><strong>Joni M\u00e4ki\u00a0<\/strong><\/em>on lupautunut Pyh\u00e4j\u00e4rven nuorten SM-hiihtojen suojelijaksi.<br \/>\nKisaj\u00e4rjest\u00e4jien, p\u00e4\u00e4yhteisty\u00f6kumppanin ja kisojen suojelijan tervehdyksen n\u00e4et ja kuulet <strong>&gt;&gt;<a href=\"https:\/\/www.youtube.com\/watch?v=BqDDi2T83c4\">T\u00c4\u00c4LT\u00c4<\/a><\/strong><!--more--><\/p>\n<p><img loading=\"lazy\" decoding=\"async\" class=\"\" src=\"https:\/\/www.pohtiskiteam.fi\/www\/wp-content\/uploads\/2022\/11\/SM23_logo_vari_pieni-3.png\" alt=\"Nuorten SM-hiihdot 24.-26.2.2023 Pyh\u00e4j\u00e4rvell\u00e4 Honkavuoren hiihtokeskuksessa\" width=\"132\" height=\"94\" \/>\u00a0 \u00a0 \u00a0\u00a0 \u00a0 \u00a0\u00a0\u00a0<img loading=\"lazy\" decoding=\"async\" class=\"alignnone wp-image-7909\" src=\"https:\/\/www.pohtiskiteam.fi\/www\/wp-content\/uploads\/2023\/01\/Kisojen-suojelija-Joni-Maki-200x300.jpeg\" alt=\"\" width=\"148\" height=\"222\" srcset=\"https:\/\/www.pohtiskiteam.fi\/www\/wp-content\/uploads\/2023\/01\/Kisojen-suojelija-Joni-Maki-200x300.jpeg 200w, https:\/\/www.pohtiskiteam.fi\/www\/wp-content\/uploads\/2023\/01\/Kisojen-suojelija-Joni-Maki-683x1024.jpeg 683w, https:\/\/www.pohtiskiteam.fi\/www\/wp-content\/uploads\/2023\/01\/Kisojen-suojelija-Joni-Maki-768x1152.jpeg 768w, https:\/\/www.pohtiskiteam.fi\/www\/wp-content\/uploads\/2023\/01\/Kisojen-suojelija-Joni-Maki-1024x1536.jpeg 1024w, https:\/\/www.pohtiskiteam.fi\/www\/wp-content\/uploads\/2023\/01\/Kisojen-suojelija-Joni-Maki-1365x2048.jpeg 1365w, https:\/\/www.pohtiskiteam.fi\/www\/wp-content\/uploads\/2023\/01\/Kisojen-suojelija-Joni-Maki-scaled.jpeg 1707w\" sizes=\"auto, (max-width: 148px) 100vw, 148px\" \/>\u00a0 \u00a0 \u00a0 \u00a0 \u00a0 \u00a0 <img loading=\"lazy\" decoding=\"async\" class=\"\" src=\"https:\/\/www.pohtiskiteam.fi\/www\/wp-content\/uploads\/2022\/11\/SM23_logo_vari_pieni-3.png\" alt=\"Nuorten SM-hiihdot 24.-26.2.2023 Pyh\u00e4j\u00e4rvell\u00e4 Honkavuoren hiihtokeskuksessa\" width=\"132\" height=\"94\" \/><\/p>\n<p><strong>ALUSTAVA AIKATAULU<\/strong><br \/>\n<strong>Perjantaina 24.2.<\/strong><br \/>\nklo 14.00 M20 3&#215;5 km<br \/>\nklo 14.05 M18 3&#215;5 km<br \/>\nklo 15.30 N20 3&#215;3 km<br \/>\nklo 15.35 N18 3&#215;3 km<\/p>\n<p><strong>Lauantaina 25.2.<\/strong><br \/>\nklo 8.30 M23, M20, M18 sprintin karsinta<br \/>\nklo 13.00 N23, N20, N18 sprintin karsinta<\/p>\n<p><strong>Sunnuntaina 26.2.<\/strong><br \/>\nklo 9.30 M23 20 km<br \/>\nklo 9.35 M20 20 km<br \/>\nklo 10.50 M18 20 km<br \/>\nklo 10.55 M17 20 km<br \/>\nklo 12.40 N23 20 km<br \/>\nklo 12.45 N20 20 km<br \/>\nklo 14.00 N18 20 km<br \/>\nklo 14.05 N17 20 km<\/p>\n<p>Aikataulu tarkentuu ilmoittautumisajan umpeuduttua!<\/p>\n<p><strong>KISAOHJELMA<\/strong><br \/>\n<strong>Perjantaina 24.2.<\/strong> Viestit: N18 3&#215;3 km, N20 3&#215;3 km, M18 3&#215;5 km, M20 3&#215;5 km (1P + 2V)<br \/>\n<strong>Lauantaina 25.2.<\/strong> Sprintti: N18, N20, N23, M18, M20, M23, matka 1 km (V)<br \/>\n<strong>Sunnuntaina 26.2.<\/strong> N17, N18, N20, 23, M17, M18, M20, M23, matka 20 km (V) &#8211; yhteisl\u00e4ht\u00f6<\/p>\n<p><strong>Kilpailuohjeet<\/strong> n\u00e4et <strong>&gt;&gt;<a href=\"https:\/\/www.pohtiskiteam.fi\/www\/wp-content\/uploads\/2023\/02\/Kilpailuohjeet-15.2.2023-1.pdf\"> T\u00c4\u00c4LT\u00c4<\/a><\/strong><\/p>\n<p><strong>J\u00e4rjestelytoimikunnan yhteystiedot<\/strong><br \/>\nPuheenjohtaja Pauli Pesonen, 0400 388 335, pauli.pesonen@hotmail.fi<br \/>\nSihteeri P\u00e4ivi J\u00e4\u00e4skel\u00e4inen, 050 327 7302, paivi.villalyhty@gmail.com<br \/>\nVoitelutilojen varaus Sami Laukkanen, 0500 610 667, sami.petteri.laukkanen@gmail.com<\/p>\n<p><strong>Kilpailutoimikunnan yhteystiedot<\/strong><br \/>\nKilpailunjohtaja Jukka Lehtosaari, 044 230 9526, jukka.lehtosaari60@gmail.com<br \/>\nKilpailun varajohtaja Juha Torvikoski, 040 547 8063, juha.torvikoski@edu.ylivieska.fi<br \/>\nKilpailun sihteeri Maria-Leena Meht\u00e4l\u00e4, 040 727 3552, maria-leena.mehtala@pyhajarvi.fi<\/p>\n<p><strong>Kilpailup\u00e4ivien vastuuhenkil\u00f6t n\u00e4et &gt;&gt; <a href=\"https:\/\/www.pohtiskiteam.fi\/www\/wp-content\/uploads\/2023\/01\/Kilpailutoimikunta-ja-kisaorganisaation-vastuuhenkilot-2.pdf\">T\u00c4\u00c4LT\u00c4<\/a><\/strong><\/p>\n<p>Huom! Kaksi voitelukoppia on viel\u00e4 vuokrattavissa! Varaukset Sami Laukkaselta,<br \/>\nsami.petteri.laukkanen@gmail.com.<\/p>\n<p><strong>KISASIVUT:<\/strong>\u00a0<a href=\"http:\/\/www.smpyhajarvi.fi\"><strong>www.smpyhajarvi.fi<\/strong><\/a><!--more--><\/p>\n","protected":false},"excerpt":{"rendered":"<p>\u00a0 \u00a0 \u00a0 \u00a0 \u00a0 \u00a0 \u00a0\u00a0 \u00a0 \u00a0 \u00a0\u00a0 \u00a0 \u00a0 \u00a0 \u00a0 \u00a0 \u00a0 Olympia- ja MM-mitalisti Joni M\u00e4ki\u00a0on lupautunut Pyh\u00e4j\u00e4rven nuorten SM-hiihtojen suojelijaksi. Kisaj\u00e4rjest\u00e4jien, p\u00e4\u00e4yhteisty\u00f6kumppanin ja kisojen suojelijan tervehdyksen n\u00e4et ja kuulet &gt;&gt;T\u00c4\u00c4LT\u00c4<\/p>\n","protected":false},"author":2,"featured_media":0,"comment_status":"closed","ping_status":"closed","sticky":false,"template":"","format":"standard","meta":{"footnotes":""},"categories":[12],"tags":[],"class_list":["post-7901","post","type-post","status-publish","format-standard","hentry","category-nuorten-sm2023","category-12","description-off"],"_links":{"self":[{"href":"https:\/\/www.pohtiskiteam.fi\/www\/wp-json\/wp\/v2\/posts\/7901","targetHints":{"allow":["GET"]}}],"collection":[{"href":"https:\/\/www.pohtiskiteam.fi\/www\/wp-json\/wp\/v2\/posts"}],"about":[{"href":"https:\/\/www.pohtiskiteam.fi\/www\/wp-json\/wp\/v2\/types\/post"}],"author":[{"embeddable":true,"href":"https:\/\/www.pohtiskiteam.fi\/www\/wp-json\/wp\/v2\/users\/2"}],"replies":[{"embeddable":true,"href":"https:\/\/www.pohtiskiteam.fi\/www\/wp-json\/wp\/v2\/comments?post=7901"}],"version-history":[{"count":25,"href":"https:\/\/www.pohtiskiteam.fi\/www\/wp-json\/wp\/v2\/posts\/7901\/revisions"}],"predecessor-version":[{"id":7986,"href":"https:\/\/www.pohtiskiteam.fi\/www\/wp-json\/wp\/v2\/posts\/7901\/revisions\/7986"}],"wp:attachment":[{"href":"https:\/\/www.pohtiskiteam.fi\/www\/wp-json\/wp\/v2\/media?parent=7901"}],"wp:term":[{"taxonomy":"category","embeddable":true,"href":"https:\/\/www.pohtiskiteam.fi\/www\/wp-json\/wp\/v2\/categories?post=7901"},{"taxonomy":"post_tag","embeddable":true,"href":"https:\/\/www.pohtiskiteam.fi\/www\/wp-json\/wp\/v2\/tags?post=7901"}],"curies":[{"name":"wp","href":"https:\/\/api.w.org\/{rel}","templated":true}]}}