{"id":8240,"date":"2023-05-29T23:47:39","date_gmt":"2023-05-29T20:47:39","guid":{"rendered":"https:\/\/www.pohtiskiteam.fi\/www\/?p=8240"},"modified":"2023-05-30T00:44:39","modified_gmt":"2023-05-29T21:44:39","slug":"naistiimi-pohti-skiteamin-alaisuuteen","status":"publish","type":"post","link":"https:\/\/www.pohtiskiteam.fi\/www\/2023\/05\/29\/naistiimi-pohti-skiteamin-alaisuuteen\/","title":{"rendered":"Kauden p\u00e4\u00e4tt\u00e4j\u00e4iset! Naistiimin julkistaminen!"},"content":{"rendered":"<p>Lauantaina 27.5.2023 elettiin historiallisia hetki\u00e4 kun Pohti SkiTeamin Pitokartano Verkkorannassa vietetyiss\u00e4 kauden p\u00e4\u00e4tt\u00e4j\u00e4isiss\u00e4 allekirjoitettiin viiden naishiiht\u00e4j\u00e4n kanssa sopimukset seuraan siirtymisest\u00e4.<\/p>\n<p>Pohti SkiTeamin uuden naistiimin j\u00e4senet ovat Oona Kettunen, Tuuli Raunio, Sonja Leinamo, Ella Noora Haapalehto ja Ilana Onnela. Naistiimin lis\u00e4ksi seura vahvistui viime talven M18-sarjan Suomen mestarilla Daniel Onnelalla (Ilanan veli).<\/p>\n<p>Oona ja Ella Noora siirtyv\u00e4t SkiTeamiin Lemp\u00e4\u00e4l\u00e4n Kisasta, Tuuli Kankaantaan Kisasta, Sonja Valkeakosken Hakasta, Ilana ja Daniel Ski Team 105:st\u00e4.<\/p>\n<p><img loading=\"lazy\" decoding=\"async\" class=\"alignnone wp-image-8241\" src=\"https:\/\/www.pohtiskiteam.fi\/www\/wp-content\/uploads\/2023\/05\/Naistiimi-rantakivella-225x300.jpg\" alt=\"\" width=\"277\" height=\"369\" srcset=\"https:\/\/www.pohtiskiteam.fi\/www\/wp-content\/uploads\/2023\/05\/Naistiimi-rantakivella-225x300.jpg 225w, https:\/\/www.pohtiskiteam.fi\/www\/wp-content\/uploads\/2023\/05\/Naistiimi-rantakivella-768x1024.jpg 768w, https:\/\/www.pohtiskiteam.fi\/www\/wp-content\/uploads\/2023\/05\/Naistiimi-rantakivella-1152x1536.jpg 1152w, https:\/\/www.pohtiskiteam.fi\/www\/wp-content\/uploads\/2023\/05\/Naistiimi-rantakivella.jpg 1200w\" sizes=\"auto, (max-width: 277px) 100vw, 277px\" \/> <img loading=\"lazy\" decoding=\"async\" class=\"alignnone wp-image-8242\" src=\"https:\/\/www.pohtiskiteam.fi\/www\/wp-content\/uploads\/2023\/05\/Daniel-Onnela-139x300.jpg\" alt=\"\" width=\"172\" height=\"371\" srcset=\"https:\/\/www.pohtiskiteam.fi\/www\/wp-content\/uploads\/2023\/05\/Daniel-Onnela-139x300.jpg 139w, https:\/\/www.pohtiskiteam.fi\/www\/wp-content\/uploads\/2023\/05\/Daniel-Onnela-473x1024.jpg 473w, https:\/\/www.pohtiskiteam.fi\/www\/wp-content\/uploads\/2023\/05\/Daniel-Onnela-768x1663.jpg 768w, https:\/\/www.pohtiskiteam.fi\/www\/wp-content\/uploads\/2023\/05\/Daniel-Onnela-946x2048.jpg 946w, https:\/\/www.pohtiskiteam.fi\/www\/wp-content\/uploads\/2023\/05\/Daniel-Onnela.jpg 1125w\" sizes=\"auto, (max-width: 172px) 100vw, 172px\" \/> <img loading=\"lazy\" decoding=\"async\" class=\"alignnone wp-image-8246\" src=\"https:\/\/www.pohtiskiteam.fi\/www\/wp-content\/uploads\/2023\/05\/Ryhmakuva-Verkkoranta-27.5.2023-300x190.jpg\" alt=\"\" width=\"456\" height=\"289\" srcset=\"https:\/\/www.pohtiskiteam.fi\/www\/wp-content\/uploads\/2023\/05\/Ryhmakuva-Verkkoranta-27.5.2023-300x190.jpg 300w, https:\/\/www.pohtiskiteam.fi\/www\/wp-content\/uploads\/2023\/05\/Ryhmakuva-Verkkoranta-27.5.2023-768x486.jpg 768w, https:\/\/www.pohtiskiteam.fi\/www\/wp-content\/uploads\/2023\/05\/Ryhmakuva-Verkkoranta-27.5.2023.jpg 1024w\" sizes=\"auto, (max-width: 456px) 100vw, 456px\" \/><br \/>\n<strong>Tilaisuudessa palkitut\/muistetut<\/strong><br \/>\n# Menestyneet hiiht\u00e4j\u00e4t: Joni M\u00e4ki &#8211; Niilo Moilanen &#8211; Eemil Juntunen &#8211; Juuso Haarala &#8211; Joel Ikonen &#8211; Juuso M\u00e4kel\u00e4 &#8211; Matias Hyv\u00f6nen &#8211; Konsta M\u00e4ntyvaara &#8211; Jirka Oja &#8211; Iiro-Mikko Harju<\/p>\n<p># SM-mitalistien valmentajat: Juho Halonen &#8211; Tuomo Kiviniemi &#8211; Jaakko Halonen<\/p>\n<p># Huoltoryhm\u00e4: Jarkko Huttunen &#8211; Mika Tivinen &#8211; Juha Moilanen &#8211; Tarmo Lipsonen &#8211; Marko Kinnunen &#8211; Jukka-Pekka Perki\u00f6 &#8211; Kari Kinnunen &#8211; Roope Haapakangas<\/p>\n<p># Yhteisty\u00f6kuppanit<\/p>\n<p><strong>Lehdist\u00f6tiedote 29.5.2023<br \/>\n<\/strong>\u2013 Viimeisen\u00a0kahden vuoden ajan on kaavailtu naisryhm\u00e4n ottamista seuran siipien suojaan, kun t\u00e4h\u00e4n asti olemme keskittyneet ainoastaan miesten hiihtoon, mutta ulkopuolinen\u00a0paine naisten ottamisesta mukaan on kasvanut koko ajan, Pohti SkiTeamin manageri Kauko Tikkanen toteaa tiedotteessa.<br \/>\n<span style=\"font-size: large;\"><br \/>\n<\/span>&#8211; Viime talven aikana asia konkretisoitui, kun tuli useita yhteydenottoja, jopa hyvin menestyneilt\u00e4kin naishiiht\u00e4jilt\u00e4 mahdollisuudesta p\u00e4\u00e4st\u00e4 hiiht\u00e4m\u00e4\u00e4n Pohti SkiTeamin v\u00e4reiss\u00e4. Ryhm\u00e4n kokoaminen k\u00e4ynnistyi toden teolla huhtikuun alussa Inarin SM-hiihtojen j\u00e4lkeen. Tavoitteena oli Tikkasen mukaan l\u00e4hte\u00e4 kokoamaan ryhm\u00e4\u00e4 nousevista lahjakkaista nuorista hiiht\u00e4jist\u00e4, t\u00e4ydennettyn\u00e4 yhdell\u00e4-kahdella l\u00e4hell\u00e4 maajoukkuetasoa olevalla hiiht\u00e4j\u00e4ll\u00e4.<br \/>\n<span style=\"font-size: large;\"><br \/>\n<\/span>\u2013 Matkan aikana oli esill\u00e4 monia eri vaihtoehtoja joukkueen koostumuksesta. Aluksi kaavailtiin nelj\u00e4 hiiht\u00e4j\u00e4\u00e4 niin, ett\u00e4 saadaan tasokas viestijoukkue kasaan, mutta p\u00e4\u00e4dyimme lopulta viiteen hiiht\u00e4j\u00e4\u00e4n, kun osalla nyt mukaan tulevalla\u00a0on kauden\u00a0aikana mm. omia Ski Classicsin\u00a0ja ampumahiihdon maailmancupin\u00a0kilpailureissuja. Nyt saavutettuun lopputulokseen olemme eritt\u00e4in tyytyv\u00e4isi\u00e4, Tikkanen toteaa tyytyv\u00e4isen\u00e4.<br \/>\n<span style=\"font-size: large;\"><br \/>\n<\/span>Tikkanen uskoo, ett\u00e4 kahden\u2013kolmen vuoden sis\u00e4ll\u00e4 naisten joukkue kamppailee jo SM-\/Suomen cupin viestin mitalisijoista.<br \/>\n<span style=\"font-size: large;\"><br \/>\n<\/span>Pohti SkiTeamissa on nyt koossa viiden-kuuden maajoukkuetasoisen miehen, kuuden 19\u201322-vuotiaan nuoren mieshiiht\u00e4j\u00e4n ja viiden nuoren tasokkaan naishiiht\u00e4j\u00e4n tiimi. Joukkueen kokonaisvahvuus tulevalla kaudella on 20 hiiht\u00e4j\u00e4\u00e4.<\/p>\n<p>&nbsp;<\/p>\n","protected":false},"excerpt":{"rendered":"<p>Lauantaina 27.5.2023 elettiin historiallisia hetki\u00e4 kun Pohti SkiTeamin Pitokartano Verkkorannassa vietetyiss\u00e4 kauden p\u00e4\u00e4tt\u00e4j\u00e4isiss\u00e4 allekirjoitettiin viiden naishiiht\u00e4j\u00e4n kanssa sopimukset seuraan siirtymisest\u00e4. Pohti SkiTeamin uuden naistiimin j\u00e4senet ovat Oona Kettunen, Tuuli Raunio, Sonja Leinamo, Ella Noora Haapalehto ja Ilana Onnela. Naistiimin lis\u00e4ksi seura vahvistui viime talven M18-sarjan Suomen mestarilla Daniel Onnelalla (Ilanan veli). Oona ja Ella Noora&hellip;<\/p>\n","protected":false},"author":2,"featured_media":0,"comment_status":"closed","ping_status":"closed","sticky":false,"template":"","format":"standard","meta":{"footnotes":""},"categories":[5],"tags":[],"class_list":["post-8240","post","type-post","status-publish","format-standard","hentry","category-tiedotteet","category-5","description-off"],"_links":{"self":[{"href":"https:\/\/www.pohtiskiteam.fi\/www\/wp-json\/wp\/v2\/posts\/8240","targetHints":{"allow":["GET"]}}],"collection":[{"href":"https:\/\/www.pohtiskiteam.fi\/www\/wp-json\/wp\/v2\/posts"}],"about":[{"href":"https:\/\/www.pohtiskiteam.fi\/www\/wp-json\/wp\/v2\/types\/post"}],"author":[{"embeddable":true,"href":"https:\/\/www.pohtiskiteam.fi\/www\/wp-json\/wp\/v2\/users\/2"}],"replies":[{"embeddable":true,"href":"https:\/\/www.pohtiskiteam.fi\/www\/wp-json\/wp\/v2\/comments?post=8240"}],"version-history":[{"count":13,"href":"https:\/\/www.pohtiskiteam.fi\/www\/wp-json\/wp\/v2\/posts\/8240\/revisions"}],"predecessor-version":[{"id":8256,"href":"https:\/\/www.pohtiskiteam.fi\/www\/wp-json\/wp\/v2\/posts\/8240\/revisions\/8256"}],"wp:attachment":[{"href":"https:\/\/www.pohtiskiteam.fi\/www\/wp-json\/wp\/v2\/media?parent=8240"}],"wp:term":[{"taxonomy":"category","embeddable":true,"href":"https:\/\/www.pohtiskiteam.fi\/www\/wp-json\/wp\/v2\/categories?post=8240"},{"taxonomy":"post_tag","embeddable":true,"href":"https:\/\/www.pohtiskiteam.fi\/www\/wp-json\/wp\/v2\/tags?post=8240"}],"curies":[{"name":"wp","href":"https:\/\/api.w.org\/{rel}","templated":true}]}}