{"id":8732,"date":"2024-10-16T11:24:30","date_gmt":"2024-10-16T08:24:30","guid":{"rendered":"https:\/\/www.pohtiskiteam.fi\/www\/?p=8732"},"modified":"2024-10-17T08:33:30","modified_gmt":"2024-10-17T05:33:30","slug":"sanni-raisanen-liittyy-pohti-skiteam-pyhajarven-joukkueeseen","status":"publish","type":"post","link":"https:\/\/www.pohtiskiteam.fi\/www\/2024\/10\/16\/sanni-raisanen-liittyy-pohti-skiteam-pyhajarven-joukkueeseen\/","title":{"rendered":"Sanni R\u00e4is\u00e4nen liittyy Pohti SkiTeam Pyh\u00e4j\u00e4rven joukkueeseen"},"content":{"rendered":"<p><strong>Sanni R\u00e4is\u00e4nen palaa takaisin hiihtoladuille Pohti SkiTeamin v\u00e4reiss\u00e4!<\/strong><\/p>\n<p>Jyv\u00e4skyl\u00e4ss\u00e4 asuva luokan- ja liikunnanopettajaksi opiskeleva 21-vuotias Sanni R\u00e4is\u00e4nen liittyy t\u00e4ksi kaudeksi Pohti SkiTeamin naisten ryhm\u00e4\u00e4n. Sopimus allekirjoitettiin 15.10.2024. Siirto uuteen seuraan n\u00e4in kesken kauden on mahdollista, kun Sanni piti viime kauden v\u00e4livuotta eik\u00e4 kilpaillut lainkaan. H\u00e4n on kilpaillut edellisen kerran kaudella 2022 \u2013 2023.<\/p>\n<p>Erin\u00e4isist\u00e4 syist\u00e4 johtuen h\u00e4n p\u00e4\u00e4tti lopettaa jo kertaalleen kilpailu-uransa mutta innostui viime kes\u00e4n\u00e4 k\u00e4ym\u00e4\u00e4n taas lenkill\u00e4 ja kilpailuvietti nosti p\u00e4\u00e4t\u00e4\u00e4n. Pohti SkiTeamin valmentajat ja johtoryhm\u00e4 saivat vihi\u00e4 Sannin treeneist\u00e4 ja niinp\u00e4 h\u00e4neen otettiin yhteytt\u00e4 ja polkaistiin neuvottelut k\u00e4yntiin.<\/p>\n<p>Muutaman puhelinpalaverin j\u00e4lkeen, pari p\u00e4iv\u00e4\u00e4 asiaa pureskeltuaan Sanni ilmoitti, ett\u00e4 h\u00e4n on valmis &#8211; <em>ainakin t\u00e4ksi kaudeksi <\/em>&#8211; tulemaan Pohti SkiTeamin ryhm\u00e4\u00e4n mukaan. H\u00e4n kilpailee opiskelun ehdoilla ja l\u00e4hinn\u00e4 varahiiht\u00e4j\u00e4n roolissa. Ja on tarvittaessa t\u00e4ydent\u00e4m\u00e4ss\u00e4 ryhm\u00e4\u00e4 niin ett\u00e4 kev\u00e4ttalven SM- ja Suomen Cupin viesteiss\u00e4 saataisiin mahdollisesti kaksikin joukkuetta viivalle. Alkukauden Suomen Cupin kisoihin h\u00e4n ei viel\u00e4 osallistu.<\/p>\n<p>Pohti SkiTeamissa on nyt vuoden ajan ollut viiden naisen ryhm\u00e4. Viime kev\u00e4\u00e4n\u00e4 etsittiin yht\u00e4 &#8211; kahta uutta hiiht\u00e4j\u00e4\u00e4 t\u00e4ydent\u00e4m\u00e4\u00e4n joukkuetta, siin\u00e4 kuitenkaan onnistumatta. Hyv\u00e4 kun n\u00e4in kilpailukauden kynnyksell\u00e4 \u2019huutoomme\u2019 vastattiin.<\/p>\n<p>Sannin parhaita savutuksia ovat N18-sarjan SM-hiihtojen kulta-, hopea- ja pronssimitali vuodelta 2021 sek\u00e4 rullahiihdosta SM-kultaa vuodelta 2020 ja pronssia 2021. Lis\u00e4ksi viimeisimp\u00e4n\u00e4 viel\u00e4 N20-sarjan SM-pronssia 2022 Keuruulta.<\/p>\n<p>Sanni on kotoisin Laukaan Vihtavuoresta. H\u00e4nen aikaisempi seuransa oli Ski Jyv\u00e4skyl\u00e4.<\/p>\n<p><img loading=\"lazy\" decoding=\"async\" class=\"alignnone wp-image-8733\" src=\"https:\/\/www.pohtiskiteam.fi\/www\/wp-content\/uploads\/2024\/10\/Sanni-kuva-236x300.jpg\" alt=\"\" width=\"295\" height=\"375\" srcset=\"https:\/\/www.pohtiskiteam.fi\/www\/wp-content\/uploads\/2024\/10\/Sanni-kuva-236x300.jpg 236w, https:\/\/www.pohtiskiteam.fi\/www\/wp-content\/uploads\/2024\/10\/Sanni-kuva-806x1024.jpg 806w, https:\/\/www.pohtiskiteam.fi\/www\/wp-content\/uploads\/2024\/10\/Sanni-kuva-768x976.jpg 768w, https:\/\/www.pohtiskiteam.fi\/www\/wp-content\/uploads\/2024\/10\/Sanni-kuva-1209x1536.jpg 1209w, https:\/\/www.pohtiskiteam.fi\/www\/wp-content\/uploads\/2024\/10\/Sanni-kuva.jpg 1612w\" sizes=\"auto, (max-width: 295px) 100vw, 295px\" \/><\/p>\n<p>&nbsp;<\/p>\n<p>&nbsp;<\/p>\n<p>&nbsp;<\/p>\n","protected":false},"excerpt":{"rendered":"<p>Sanni R\u00e4is\u00e4nen palaa takaisin hiihtoladuille Pohti SkiTeamin v\u00e4reiss\u00e4! Jyv\u00e4skyl\u00e4ss\u00e4 asuva luokan- ja liikunnanopettajaksi opiskeleva 21-vuotias Sanni R\u00e4is\u00e4nen liittyy t\u00e4ksi kaudeksi Pohti SkiTeamin naisten ryhm\u00e4\u00e4n. Sopimus allekirjoitettiin 15.10.2024. Siirto uuteen seuraan n\u00e4in kesken kauden on mahdollista, kun Sanni piti viime kauden v\u00e4livuotta eik\u00e4 kilpaillut lainkaan. H\u00e4n on kilpaillut edellisen kerran kaudella 2022 \u2013 2023. Erin\u00e4isist\u00e4 syist\u00e4&hellip;<\/p>\n","protected":false},"author":2,"featured_media":0,"comment_status":"closed","ping_status":"closed","sticky":false,"template":"","format":"standard","meta":{"footnotes":""},"categories":[5],"tags":[],"class_list":["post-8732","post","type-post","status-publish","format-standard","hentry","category-tiedotteet","category-5","description-off"],"_links":{"self":[{"href":"https:\/\/www.pohtiskiteam.fi\/www\/wp-json\/wp\/v2\/posts\/8732","targetHints":{"allow":["GET"]}}],"collection":[{"href":"https:\/\/www.pohtiskiteam.fi\/www\/wp-json\/wp\/v2\/posts"}],"about":[{"href":"https:\/\/www.pohtiskiteam.fi\/www\/wp-json\/wp\/v2\/types\/post"}],"author":[{"embeddable":true,"href":"https:\/\/www.pohtiskiteam.fi\/www\/wp-json\/wp\/v2\/users\/2"}],"replies":[{"embeddable":true,"href":"https:\/\/www.pohtiskiteam.fi\/www\/wp-json\/wp\/v2\/comments?post=8732"}],"version-history":[{"count":3,"href":"https:\/\/www.pohtiskiteam.fi\/www\/wp-json\/wp\/v2\/posts\/8732\/revisions"}],"predecessor-version":[{"id":8740,"href":"https:\/\/www.pohtiskiteam.fi\/www\/wp-json\/wp\/v2\/posts\/8732\/revisions\/8740"}],"wp:attachment":[{"href":"https:\/\/www.pohtiskiteam.fi\/www\/wp-json\/wp\/v2\/media?parent=8732"}],"wp:term":[{"taxonomy":"category","embeddable":true,"href":"https:\/\/www.pohtiskiteam.fi\/www\/wp-json\/wp\/v2\/categories?post=8732"},{"taxonomy":"post_tag","embeddable":true,"href":"https:\/\/www.pohtiskiteam.fi\/www\/wp-json\/wp\/v2\/tags?post=8732"}],"curies":[{"name":"wp","href":"https:\/\/api.w.org\/{rel}","templated":true}]}}